{"id":1363,"date":"2026-08-31T15:20:33","date_gmt":"2026-08-31T13:20:33","guid":{"rendered":"https:\/\/proliving.cz\/?p=1363"},"modified":"2026-08-31T15:20:34","modified_gmt":"2026-08-31T13:20:34","slug":"promena-domova-zacina-u-detailu-a-jak-sladit-dvere-s-vasim-stylem","status":"publish","type":"post","link":"https:\/\/proliving.cz\/?p=1363","title":{"rendered":"Prom\u011bna domova za\u010d\u00edn\u00e1 u detail\u016f a jak sladit dve\u0159e s va\u0161\u00edm stylem"},"content":{"rendered":"\n<p class=\"wp-block-paragraph\">P\u0159i pl\u00e1nov\u00e1n\u00ed rekonstrukce nebo za\u0159izov\u00e1n\u00ed novostavby se \u010dasto soust\u0159ed\u00edme na velk\u00e9 plochy, jako jsou podlahy nebo kuchy\u0148sk\u00e1 linka. Skute\u010dn\u00fd charakter a atmosf\u00e9ru domova v\u0161ak \u010dasto definuj\u00ed vertik\u00e1ln\u00ed prvky, kter\u00e9 odd\u011bluj\u00ed jednotliv\u00e9 z\u00f3ny na\u0161eho soukrom\u00ed. Kvalitn\u00ed materi\u00e1ly a precizn\u00ed proveden\u00ed t\u011bchto prvk\u016f maj\u00ed z\u00e1sadn\u00ed vliv na to, jak se v prostoru budeme c\u00edtit, zda bude p\u016fsobit vzdu\u0161n\u011b, nebo naopak \u00fatuln\u011b a bezpe\u010dn\u011b.<\/p>\n\n\n\n<h2 class=\"wp-block-heading\">Modern\u00ed trendy a materi\u00e1lov\u00e1 st\u00e1lost<\/h2>\n\n\n\n<p class=\"wp-block-paragraph\">Sou\u010dasn\u00e1 interi\u00e9rov\u00e1 architektura klade velk\u00fd d\u016fraz na minimalismus a \u010dist\u00e9 linie. Velmi obl\u00edbenou volbou jsou <a href=\"https:\/\/www.dvere21.cz\/vchodove-bezpecnostni-dvere-do-bytu\">dve\u0159e<\/a>, kter\u00e9 v sob\u011b spojuj\u00ed modern\u00ed design s vysokou odolnost\u00ed. D\u00edky inovativn\u00edm technologi\u00edm povrchov\u00fdch \u00faprav, jako jsou speci\u00e1ln\u00ed lamin\u00e1ty s 3D strukturou, jsou tyto modely velmi odoln\u00e9 proti po\u0161kr\u00e1b\u00e1n\u00ed a mechanick\u00e9mu po\u0161kozen\u00ed, co\u017e ocen\u00ed zejm\u00e9na rodiny s d\u011btmi nebo majitel\u00e9 dom\u00e1c\u00edch mazl\u00ed\u010dk\u016f. \u0160irok\u00e1 paleta dekor\u016f pro <a href=\"https:\/\/www.dvere21.cz\/interierove-dvere\">interi\u00e9rov\u00e9 dve\u0159e<\/a> nav\u00edc umo\u017e\u0148uje naj\u00edt ide\u00e1ln\u00ed odst\u00edn, kter\u00fd podtrhne styl modern\u00edho loftu i klasicky lad\u011bn\u00e9ho bytu.<\/p>\n\n\n\n<h2 class=\"wp-block-heading\">Bezpe\u010dnost a izolace hned u vstupu<\/h2>\n\n\n\n<p class=\"wp-block-paragraph\">Zat\u00edmco uvnit\u0159 bytu \u0159e\u0161\u00edme p\u0159edev\u0161\u00edm estetiku, u hlavn\u00edho vchodu nesm\u00edme zapom\u00ednat na funk\u010dn\u00ed parametry. Pro obyvatele bytov\u00fdch dom\u016f jsou kl\u00ed\u010dov\u00e9&nbsp;<a href=\"https:\/\/www.dvere21.cz\/\" target=\"_blank\" rel=\"noreferrer noopener\">vchodov\u00e9 dve\u0159e do bytu<\/a>, kter\u00e9 mus\u00ed spl\u0148ovat p\u0159\u00edsn\u00e9 po\u017e\u00e1rn\u00ed p\u0159edpisy a nab\u00edzet dostate\u010dnou zvukovou izolaci. Nikdo netou\u017e\u00ed sly\u0161et hluk z chodby nebo v\u00fdtahu p\u0159\u00edmo ve sv\u00e9m ob\u00fdvac\u00edm pokoji. Bezpe\u010dnostn\u00ed prvky, jako jsou v\u00edcebodov\u00e9 z\u00e1mky a trny proti vysazen\u00ed, jsou pak nezbytn\u00fdm standardem pro klidn\u00fd sp\u00e1nek a ochranu majetku.<\/p>\n\n\n\n<p class=\"wp-block-paragraph\">V\u00fdb\u011br dve\u0159\u00ed je investic\u00ed na mnoho let. Vyplat\u00ed se proto vsadit na osv\u011bd\u010den\u00e9 v\u00fdrobce a materi\u00e1ly, kter\u00e9 si zachovaj\u00ed sv\u016fj vzhled i funk\u010dnost po dlouhou dobu. Spr\u00e1vn\u00e1 kombinace interi\u00e9rov\u00fdch a vchodov\u00fdch prvk\u016f vytvo\u0159\u00ed z va\u0161eho bydlen\u00ed harmonick\u00e9 m\u00edsto, kde ka\u017ed\u00fd detail d\u00e1v\u00e1 smysl a p\u0159isp\u00edv\u00e1 k celkov\u00e9 pohod\u011b.<\/p>\n","protected":false},"excerpt":{"rendered":"<p>P\u0159i pl\u00e1nov\u00e1n\u00ed rekonstrukce nebo za\u0159izov\u00e1n\u00ed novostavby se \u010dasto soust\u0159ed\u00edme na velk\u00e9 plochy, jako jsou podlahy nebo kuchy\u0148sk\u00e1 linka. Skute\u010dn\u00fd charakter a atmosf\u00e9ru domova v\u0161ak \u010dasto definuj\u00ed vertik\u00e1ln\u00ed prvky, kter\u00e9 odd\u011bluj\u00ed jednotliv\u00e9 z\u00f3ny na\u0161eho soukrom\u00ed. Kvalitn\u00ed materi\u00e1ly a precizn\u00ed proveden\u00ed t\u011bchto prvk\u016f maj\u00ed z\u00e1sadn\u00ed vliv na to, jak se v prostoru budeme c\u00edtit, zda bude p\u016fsobit [&hellip;]<\/p>\n","protected":false},"author":2,"featured_media":1364,"comment_status":"closed","ping_status":"closed","sticky":false,"template":"","format":"standard","meta":{"_sitemap_exclude":false,"_sitemap_priority":"","_sitemap_frequency":"","tdm_status":"","tdm_grid_status":"","footnotes":""},"categories":[6],"tags":[],"class_list":["post-1363","post","type-post","status-publish","format-standard","has-post-thumbnail","category-interier"],"aioseo_notices":[],"aioseo_head":"\n\t\t<!-- All in One SEO 5.0.1.1 - aioseo.com -->\n\t<meta name=\"robots\" content=\"max-image-preview:large\" \/>\n\t<meta name=\"author\" content=\"svet zeny\"\/>\n\t<link rel=\"canonical\" href=\"https:\/\/proliving.cz\/?p=1363\" \/>\n\t<meta name=\"generator\" content=\"All in One SEO (AIOSEO) 5.0.1.1\" \/>\n\t\t<meta property=\"og:locale\" content=\"cs_CZ\" \/>\n\t\t<meta property=\"og:site_name\" content=\"Pro Living - \u010dasopis o kr\u00e1sn\u00e9m bydlen\u00ed | Pro Living - \u010dasopis o bydlen\u00ed, stavb\u011b, inspiraci a zahrad\u011b. Pro Living modern\u00ed magaz\u00edn pro interi\u00e9r, hobby i zahradu. V\u0161e pro dom\u00e1cnost a bydlen\u00ed na jednom m\u00edst\u011b.\" \/>\n\t\t<meta property=\"og:type\" content=\"article\" \/>\n\t\t<meta property=\"og:title\" content=\"Prom\u011bna domova za\u010d\u00edn\u00e1 u detail\u016f a jak sladit dve\u0159e s va\u0161\u00edm stylem | Pro Living - \u010dasopis o kr\u00e1sn\u00e9m bydlen\u00ed\" \/>\n\t\t<meta property=\"og:url\" content=\"https:\/\/proliving.cz\/?p=1363\" \/>\n\t\t<meta property=\"article:published_time\" content=\"2026-08-31T13:20:33+00:00\" \/>\n\t\t<meta property=\"article:modified_time\" content=\"2026-08-31T13:20:34+00:00\" \/>\n\t\t<meta name=\"twitter:card\" content=\"summary\" \/>\n\t\t<meta name=\"twitter:title\" content=\"Prom\u011bna domova za\u010d\u00edn\u00e1 u detail\u016f a jak sladit dve\u0159e s va\u0161\u00edm stylem | Pro Living - \u010dasopis o kr\u00e1sn\u00e9m bydlen\u00ed\" \/>\n\t\t<script type=\"application\/ld+json\" class=\"aioseo-schema\">\n\t\t\t{\"@context\":\"https:\\\/\\\/schema.org\",\"@graph\":[{\"@type\":\"Article\",\"@id\":\"https:\\\/\\\/proliving.cz\\\/?p=1363#article\",\"name\":\"Prom\\u011bna domova za\\u010d\\u00edn\\u00e1 u detail\\u016f a jak sladit dve\\u0159e s va\\u0161\\u00edm stylem | Pro Living - \\u010dasopis o kr\\u00e1sn\\u00e9m bydlen\\u00ed\",\"headline\":\"Prom\\u011bna domova za\\u010d\\u00edn\\u00e1 u detail\\u016f a jak sladit dve\\u0159e s va\\u0161\\u00edm stylem\",\"author\":{\"@id\":\"https:\\\/\\\/proliving.cz\\\/?author=2#author\"},\"publisher\":{\"@id\":\"https:\\\/\\\/proliving.cz\\\/#organization\"},\"image\":{\"@type\":\"ImageObject\",\"url\":\"https:\\\/\\\/proliving.cz\\\/wp-content\\\/uploads\\\/2026\\\/08\\\/Gemini_Generated_Image_rc2sl9rc2sl9rc2s.jpg\",\"width\":1376,\"height\":768},\"datePublished\":\"2026-08-31T15:20:33+02:00\",\"dateModified\":\"2026-08-31T15:20:34+02:00\",\"inLanguage\":\"cs-CZ\",\"mainEntityOfPage\":{\"@id\":\"https:\\\/\\\/proliving.cz\\\/?p=1363#webpage\"},\"isPartOf\":{\"@id\":\"https:\\\/\\\/proliving.cz\\\/?p=1363#webpage\"},\"articleSection\":\"Interi\\u00e9r\"},{\"@type\":\"BreadcrumbList\",\"@id\":\"https:\\\/\\\/proliving.cz\\\/?p=1363#breadcrumblist\",\"itemListElement\":[{\"@type\":\"ListItem\",\"@id\":\"https:\\\/\\\/proliving.cz#listItem\",\"position\":1,\"name\":\"Home\",\"item\":\"https:\\\/\\\/proliving.cz\",\"nextItem\":{\"@type\":\"ListItem\",\"@id\":\"https:\\\/\\\/proliving.cz\\\/?cat=6#listItem\",\"name\":\"Interi\\u00e9r\"}},{\"@type\":\"ListItem\",\"@id\":\"https:\\\/\\\/proliving.cz\\\/?cat=6#listItem\",\"position\":2,\"name\":\"Interi\\u00e9r\",\"item\":\"https:\\\/\\\/proliving.cz\\\/?cat=6\",\"nextItem\":{\"@type\":\"ListItem\",\"@id\":\"https:\\\/\\\/proliving.cz\\\/?p=1363#listItem\",\"name\":\"Prom\\u011bna domova za\\u010d\\u00edn\\u00e1 u detail\\u016f a jak sladit dve\\u0159e s va\\u0161\\u00edm stylem\"},\"previousItem\":{\"@type\":\"ListItem\",\"@id\":\"https:\\\/\\\/proliving.cz#listItem\",\"name\":\"Home\"}},{\"@type\":\"ListItem\",\"@id\":\"https:\\\/\\\/proliving.cz\\\/?p=1363#listItem\",\"position\":3,\"name\":\"Prom\\u011bna domova za\\u010d\\u00edn\\u00e1 u detail\\u016f a jak sladit dve\\u0159e s va\\u0161\\u00edm stylem\",\"previousItem\":{\"@type\":\"ListItem\",\"@id\":\"https:\\\/\\\/proliving.cz\\\/?cat=6#listItem\",\"name\":\"Interi\\u00e9r\"}}]},{\"@type\":\"Organization\",\"@id\":\"https:\\\/\\\/proliving.cz\\\/#organization\",\"name\":\"Pro Living - \\u010dasopis o kr\\u00e1sn\\u00e9m bydlen\\u00ed\",\"description\":\"Pro Living - \\u010dasopis o bydlen\\u00ed, stavb\\u011b, inspiraci a zahrad\\u011b. Pro Living modern\\u00ed magaz\\u00edn pro interi\\u00e9r, hobby i zahradu. V\\u0161e pro dom\\u00e1cnost a bydlen\\u00ed na jednom m\\u00edst\\u011b.\",\"url\":\"https:\\\/\\\/proliving.cz\\\/\"},{\"@type\":\"Person\",\"@id\":\"https:\\\/\\\/proliving.cz\\\/?author=2#author\",\"url\":\"https:\\\/\\\/proliving.cz\\\/?author=2\",\"name\":\"svet zeny\",\"image\":{\"@type\":\"ImageObject\",\"@id\":\"https:\\\/\\\/proliving.cz\\\/?p=1363#authorImage\",\"url\":\"https:\\\/\\\/secure.gravatar.com\\\/avatar\\\/a1a6e6492130b143fbe72df56bb639f92d67885bf97205b9e39c4f48d4301e8c?s=96&d=mm&r=g\",\"width\":96,\"height\":96,\"caption\":\"svet zeny\"}},{\"@type\":\"WebPage\",\"@id\":\"https:\\\/\\\/proliving.cz\\\/?p=1363#webpage\",\"url\":\"https:\\\/\\\/proliving.cz\\\/?p=1363\",\"name\":\"Prom\\u011bna domova za\\u010d\\u00edn\\u00e1 u detail\\u016f a jak sladit dve\\u0159e s va\\u0161\\u00edm stylem | Pro Living - \\u010dasopis o kr\\u00e1sn\\u00e9m bydlen\\u00ed\",\"inLanguage\":\"cs-CZ\",\"isPartOf\":{\"@id\":\"https:\\\/\\\/proliving.cz\\\/#website\"},\"breadcrumb\":{\"@id\":\"https:\\\/\\\/proliving.cz\\\/?p=1363#breadcrumblist\"},\"author\":{\"@id\":\"https:\\\/\\\/proliving.cz\\\/?author=2#author\"},\"creator\":{\"@id\":\"https:\\\/\\\/proliving.cz\\\/?author=2#author\"},\"image\":{\"@type\":\"ImageObject\",\"url\":\"https:\\\/\\\/proliving.cz\\\/wp-content\\\/uploads\\\/2026\\\/08\\\/Gemini_Generated_Image_rc2sl9rc2sl9rc2s.jpg\",\"@id\":\"https:\\\/\\\/proliving.cz\\\/?p=1363\\\/#mainImage\",\"width\":1376,\"height\":768},\"primaryImageOfPage\":{\"@id\":\"https:\\\/\\\/proliving.cz\\\/?p=1363#mainImage\"},\"datePublished\":\"2026-08-31T15:20:33+02:00\",\"dateModified\":\"2026-08-31T15:20:34+02:00\"},{\"@type\":\"WebSite\",\"@id\":\"https:\\\/\\\/proliving.cz\\\/#website\",\"url\":\"https:\\\/\\\/proliving.cz\\\/\",\"name\":\"Pro Living - \\u010dasopis o kr\\u00e1sn\\u00e9m bydlen\\u00ed\",\"description\":\"Pro Living - \\u010dasopis o bydlen\\u00ed, stavb\\u011b, inspiraci a zahrad\\u011b. Pro Living modern\\u00ed magaz\\u00edn pro interi\\u00e9r, hobby i zahradu. V\\u0161e pro dom\\u00e1cnost a bydlen\\u00ed na jednom m\\u00edst\\u011b.\",\"inLanguage\":\"cs-CZ\",\"publisher\":{\"@id\":\"https:\\\/\\\/proliving.cz\\\/#organization\"}}]}\n\t\t<\/script>\n\t\t<!-- All in One SEO -->\n\n","aioseo_head_json":{"title":"Prom\u011bna domova za\u010d\u00edn\u00e1 u detail\u016f a jak sladit dve\u0159e s va\u0161\u00edm stylem | Pro Living - \u010dasopis o kr\u00e1sn\u00e9m bydlen\u00ed","description":"","canonical_url":"https:\/\/proliving.cz\/?p=1363","robots":"max-image-preview:large","keywords":"","webmasterTools":{"miscellaneous":""},"schema":{"@context":"https:\/\/schema.org","@graph":[{"@type":"Article","@id":"https:\/\/proliving.cz\/?p=1363#article","name":"Prom\u011bna domova za\u010d\u00edn\u00e1 u detail\u016f a jak sladit dve\u0159e s va\u0161\u00edm stylem | Pro Living - \u010dasopis o kr\u00e1sn\u00e9m bydlen\u00ed","headline":"Prom\u011bna domova za\u010d\u00edn\u00e1 u detail\u016f a jak sladit dve\u0159e s va\u0161\u00edm stylem","author":{"@id":"https:\/\/proliving.cz\/?author=2#author"},"publisher":{"@id":"https:\/\/proliving.cz\/#organization"},"image":{"@type":"ImageObject","url":"https:\/\/proliving.cz\/wp-content\/uploads\/2026\/08\/Gemini_Generated_Image_rc2sl9rc2sl9rc2s.jpg","width":1376,"height":768},"datePublished":"2026-08-31T15:20:33+02:00","dateModified":"2026-08-31T15:20:34+02:00","inLanguage":"cs-CZ","mainEntityOfPage":{"@id":"https:\/\/proliving.cz\/?p=1363#webpage"},"isPartOf":{"@id":"https:\/\/proliving.cz\/?p=1363#webpage"},"articleSection":"Interi\u00e9r"},{"@type":"BreadcrumbList","@id":"https:\/\/proliving.cz\/?p=1363#breadcrumblist","itemListElement":[{"@type":"ListItem","@id":"https:\/\/proliving.cz#listItem","position":1,"name":"Home","item":"https:\/\/proliving.cz","nextItem":{"@type":"ListItem","@id":"https:\/\/proliving.cz\/?cat=6#listItem","name":"Interi\u00e9r"}},{"@type":"ListItem","@id":"https:\/\/proliving.cz\/?cat=6#listItem","position":2,"name":"Interi\u00e9r","item":"https:\/\/proliving.cz\/?cat=6","nextItem":{"@type":"ListItem","@id":"https:\/\/proliving.cz\/?p=1363#listItem","name":"Prom\u011bna domova za\u010d\u00edn\u00e1 u detail\u016f a jak sladit dve\u0159e s va\u0161\u00edm stylem"},"previousItem":{"@type":"ListItem","@id":"https:\/\/proliving.cz#listItem","name":"Home"}},{"@type":"ListItem","@id":"https:\/\/proliving.cz\/?p=1363#listItem","position":3,"name":"Prom\u011bna domova za\u010d\u00edn\u00e1 u detail\u016f a jak sladit dve\u0159e s va\u0161\u00edm stylem","previousItem":{"@type":"ListItem","@id":"https:\/\/proliving.cz\/?cat=6#listItem","name":"Interi\u00e9r"}}]},{"@type":"Organization","@id":"https:\/\/proliving.cz\/#organization","name":"Pro Living - \u010dasopis o kr\u00e1sn\u00e9m bydlen\u00ed","description":"Pro Living - \u010dasopis o bydlen\u00ed, stavb\u011b, inspiraci a zahrad\u011b. Pro Living modern\u00ed magaz\u00edn pro interi\u00e9r, hobby i zahradu. V\u0161e pro dom\u00e1cnost a bydlen\u00ed na jednom m\u00edst\u011b.","url":"https:\/\/proliving.cz\/"},{"@type":"Person","@id":"https:\/\/proliving.cz\/?author=2#author","url":"https:\/\/proliving.cz\/?author=2","name":"svet zeny","image":{"@type":"ImageObject","@id":"https:\/\/proliving.cz\/?p=1363#authorImage","url":"https:\/\/secure.gravatar.com\/avatar\/a1a6e6492130b143fbe72df56bb639f92d67885bf97205b9e39c4f48d4301e8c?s=96&d=mm&r=g","width":96,"height":96,"caption":"svet zeny"}},{"@type":"WebPage","@id":"https:\/\/proliving.cz\/?p=1363#webpage","url":"https:\/\/proliving.cz\/?p=1363","name":"Prom\u011bna domova za\u010d\u00edn\u00e1 u detail\u016f a jak sladit dve\u0159e s va\u0161\u00edm stylem | Pro Living - \u010dasopis o kr\u00e1sn\u00e9m bydlen\u00ed","inLanguage":"cs-CZ","isPartOf":{"@id":"https:\/\/proliving.cz\/#website"},"breadcrumb":{"@id":"https:\/\/proliving.cz\/?p=1363#breadcrumblist"},"author":{"@id":"https:\/\/proliving.cz\/?author=2#author"},"creator":{"@id":"https:\/\/proliving.cz\/?author=2#author"},"image":{"@type":"ImageObject","url":"https:\/\/proliving.cz\/wp-content\/uploads\/2026\/08\/Gemini_Generated_Image_rc2sl9rc2sl9rc2s.jpg","@id":"https:\/\/proliving.cz\/?p=1363\/#mainImage","width":1376,"height":768},"primaryImageOfPage":{"@id":"https:\/\/proliving.cz\/?p=1363#mainImage"},"datePublished":"2026-08-31T15:20:33+02:00","dateModified":"2026-08-31T15:20:34+02:00"},{"@type":"WebSite","@id":"https:\/\/proliving.cz\/#website","url":"https:\/\/proliving.cz\/","name":"Pro Living - \u010dasopis o kr\u00e1sn\u00e9m bydlen\u00ed","description":"Pro Living - \u010dasopis o bydlen\u00ed, stavb\u011b, inspiraci a zahrad\u011b. Pro Living modern\u00ed magaz\u00edn pro interi\u00e9r, hobby i zahradu. V\u0161e pro dom\u00e1cnost a bydlen\u00ed na jednom m\u00edst\u011b.","inLanguage":"cs-CZ","publisher":{"@id":"https:\/\/proliving.cz\/#organization"}}]},"og:locale":"cs_CZ","og:site_name":"Pro Living - \u010dasopis o kr\u00e1sn\u00e9m bydlen\u00ed | Pro Living - \u010dasopis o bydlen\u00ed, stavb\u011b, inspiraci a zahrad\u011b. Pro Living modern\u00ed magaz\u00edn pro interi\u00e9r, hobby i zahradu. V\u0161e pro dom\u00e1cnost a bydlen\u00ed na jednom m\u00edst\u011b.","og:type":"article","og:title":"Prom\u011bna domova za\u010d\u00edn\u00e1 u detail\u016f a jak sladit dve\u0159e s va\u0161\u00edm stylem | Pro Living - \u010dasopis o kr\u00e1sn\u00e9m bydlen\u00ed","og:url":"https:\/\/proliving.cz\/?p=1363","article:published_time":"2026-08-31T13:20:33+00:00","article:modified_time":"2026-08-31T13:20:34+00:00","twitter:card":"summary","twitter:title":"Prom\u011bna domova za\u010d\u00edn\u00e1 u detail\u016f a jak sladit dve\u0159e s va\u0161\u00edm stylem | Pro Living - \u010dasopis o kr\u00e1sn\u00e9m bydlen\u00ed"},"aioseo_meta_data":{"post_id":"1363","title":null,"description":null,"keywords":null,"keyphrases":{"focus":{"keyphrase":"","score":0,"analysis":{"keyphraseInTitle":{"score":0,"maxScore":9,"error":1}}},"additional":[]},"primary_term":null,"canonical_url":null,"og_title":null,"og_description":null,"og_object_type":"default","og_image_type":"default","og_image_url":null,"og_image_width":null,"og_image_height":null,"og_image_custom_url":null,"og_image_custom_fields":null,"og_video":"","og_custom_url":null,"og_article_section":null,"og_article_tags":null,"twitter_use_og":false,"twitter_card":"default","twitter_image_type":"default","twitter_image_url":null,"twitter_image_custom_url":null,"twitter_image_custom_fields":null,"twitter_title":null,"twitter_description":null,"schema":{"blockGraphs":[],"customGraphs":[],"default":{"data":{"Article":[],"Course":[],"Dataset":[],"FAQPage":[],"Movie":[],"Person":[],"Product":[],"ProductReview":[],"Car":[],"Recipe":[],"Service":[],"SoftwareApplication":[],"WebPage":[]},"graphName":"Article","isEnabled":true},"graphs":[]},"schema_type":"default","schema_type_options":null,"pillar_content":false,"robots_default":true,"robots_noindex":false,"robots_noarchive":false,"robots_nosnippet":false,"robots_nofollow":false,"robots_noimageindex":false,"robots_noodp":false,"robots_notranslate":false,"robots_max_snippet":"-1","robots_max_videopreview":"-1","robots_max_imagepreview":"large","priority":null,"frequency":"default","local_seo":null,"limit_modified_date":false,"created":"2026-08-31 13:17:45","updated":"2026-08-31 15:16:14","ai":{"faqs":[],"keyPoints":[],"schemas":[],"titles":[],"descriptions":[],"socialPosts":{"email":{"subject":"","preview":"","content":""},"linkedin":[],"twitter":[],"facebook":[],"instagram":[]}},"breadcrumb_settings":null,"seo_analyzer_scan_date":null,"focus_keyword":null,"additional_keywords":null,"truseo_locale":null},"aioseo_breadcrumb":"<div class=\"aioseo-breadcrumbs\"><span class=\"aioseo-breadcrumb\">\n\t\t\t<a href=\"https:\/\/proliving.cz\" title=\"Home\">Home<\/a>\n\t\t<\/span><span class=\"aioseo-breadcrumb-separator\">&raquo;<\/span><span class=\"aioseo-breadcrumb\">\n\t\t\t<a href=\"https:\/\/proliving.cz\/?cat=6\" title=\"Interi\u00e9r\">Interi\u00e9r<\/a>\n\t\t<\/span><span class=\"aioseo-breadcrumb-separator\">&raquo;<\/span><span class=\"aioseo-breadcrumb\">\n\t\t\tProm\u011bna domova za\u010d\u00edn\u00e1 u detail\u016f a jak sladit dve\u0159e s va\u0161\u00edm stylem\n\t\t<\/span><\/div>","aioseo_breadcrumb_json":[{"label":"Home","link":"https:\/\/proliving.cz"},{"label":"Interi\u00e9r","link":"https:\/\/proliving.cz\/?cat=6"},{"label":"Prom\u011bna domova za\u010d\u00edn\u00e1 u detail\u016f a jak sladit dve\u0159e s va\u0161\u00edm stylem","link":"https:\/\/proliving.cz\/?p=1363"}],"amp_enabled":false,"_links":{"self":[{"href":"https:\/\/proliving.cz\/index.php?rest_route=\/wp\/v2\/posts\/1363","targetHints":{"allow":["GET"]}}],"collection":[{"href":"https:\/\/proliving.cz\/index.php?rest_route=\/wp\/v2\/posts"}],"about":[{"href":"https:\/\/proliving.cz\/index.php?rest_route=\/wp\/v2\/types\/post"}],"author":[{"embeddable":true,"href":"https:\/\/proliving.cz\/index.php?rest_route=\/wp\/v2\/users\/2"}],"replies":[{"embeddable":true,"href":"https:\/\/proliving.cz\/index.php?rest_route=%2Fwp%2Fv2%2Fcomments&post=1363"}],"version-history":[{"count":1,"href":"https:\/\/proliving.cz\/index.php?rest_route=\/wp\/v2\/posts\/1363\/revisions"}],"predecessor-version":[{"id":1365,"href":"https:\/\/proliving.cz\/index.php?rest_route=\/wp\/v2\/posts\/1363\/revisions\/1365"}],"wp:featuredmedia":[{"embeddable":true,"href":"https:\/\/proliving.cz\/index.php?rest_route=\/wp\/v2\/media\/1364"}],"wp:attachment":[{"href":"https:\/\/proliving.cz\/index.php?rest_route=%2Fwp%2Fv2%2Fmedia&parent=1363"}],"wp:term":[{"taxonomy":"category","embeddable":true,"href":"https:\/\/proliving.cz\/index.php?rest_route=%2Fwp%2Fv2%2Fcategories&post=1363"},{"taxonomy":"post_tag","embeddable":true,"href":"https:\/\/proliving.cz\/index.php?rest_route=%2Fwp%2Fv2%2Ftags&post=1363"}],"curies":[{"name":"wp","href":"https:\/\/api.w.org\/{rel}","templated":true}]}}